{"id":839,"date":"2009-03-21T20:44:14","date_gmt":"2009-03-21T18:44:14","guid":{"rendered":"https:\/\/fia.pimienta.org\/weblog\/?p=839"},"modified":"2009-03-21T20:46:27","modified_gmt":"2009-03-21T18:46:27","slug":"cp-dezbatere-%e2%80%9efemeile-rome-si-structurile-sindicale-in-oglinda%e2%80%9d","status":"publish","type":"post","link":"https:\/\/fia.pimienta.org\/weblog\/?p=839","title":{"rendered":"CP: Dezbatere \u201eFemeile rome \u015fi Structurile Sindicale \u00een oglind\u0103\u201d"},"content":{"rendered":"<p><em>via carmen<\/em><\/p>\n<p>Comunicat de Pres\u0103, 18.3.2009 <\/p>\n<p>Agen\u0163ia de Dezvoltare Comunitar\u0103 \u201e\u00cempreun\u0103\u201d \u00een parteneriat cu Agen\u0163ia Na\u0163ional\u0103 pentru Egalitatea de \u015eanse \u00eentre Femei \u015fi B\u0103rba\u0163i a organizat in data de 16 Martie a.c. dezbaterea cu tema \u201eFemeile rome si Structurile Sindicale in oglinda\u201d.<br \/>\n<!--more--><br \/>\nIn cadrul intalnirii, a avut loc lansarea studiului \u201eSindicatele la intersectia dintre gen si etnie\u201d, realizat cu sprijinul financiar al programului Roma Initiatives, Open Society Institute Budapesta.<br \/>\nPornind de la bunele practici identificate in cadrul acestui studiu, dezbaterea si-a propus sa aduca pe agenda publica rolul pe care actorii sociali si in special, structurile sindicale si femeile rome salariate il pot avea in scopul promovarii si implementarii egalitatii de sanse pe piata muncii.<br \/>\nIn mod deosebit aceasta initiativa a fost demarata ca urmare a necesitatii reprezentarii intereselor femeilor rome pe piata muncii, a asigurarii unui climat de munca decent pentru acestea si a reducerii incidentei tratamentului diferentiat si discriminarii acestora la locul de munca. Am avut ca exemplu masurile intreprinse de sindicate din alte state ale Uniunii Europene, unde exista traditie in demersuri de cresterea reprezentarii si implicarii femeile apartinand grupurilor minoritare in organismele sindicale, si am urmarit sa aducem in discutie potentiale mecanisme destinate in ultima instanta cresterii gradului de vizibilitate si valorizarii contributiei femeilor rome la viata economica.<br \/>\nParticipantii la eveniment au evidentiat importanta parteneriatului public-privat pentu a rezolva problemele legate de incuziunea prin munca a romilor. Astfel, dl. Silbiu Bian, Presedinte ANOFM si Secretar de Stat in Ministerul Muncii, a specificat faptul ca institutia pe care o conduce a demonstrat preocuparea pentru populatia roma prin multitudinea de programe derulate pentru reinsertia pe piata muncii a acestora. Numai in anul 2008, din 13130 romi reincadrati in munca, 4612 reprezinta femei rome. \u201eAvand in vedere complexitatea acestor probleme, ANOFM a cooperat cu organizatiile si asociatiile romilor, [&#8230;] si va asigur ca pe perioada mandatului meu, cooperarea cu aceste organizatii se va intensifica si diversifica, pentru a raspunde mai bine provocarilor..]\u201d a spus in incheiere reprezentantul ANOFM.<br \/>\nDe asemenea, dna. Maria Mota, Presedinta ANES a dorit sa mentioneze faptul ca este nevoie ca studiul lansat sa fie cunoscut de publicul larg pentru a atrage atentia asupra unei probleme cu care femeile rome se confrunta pe piata muncii si in special de factorii politici care pot avea o contributie insemnata la ameliorarea acestor probleme.<br \/>\n Nu in ultimul rand, liderii sindicali, reprezentan\u0163ii institu\u0163iilor publice relevante \u00een domeniu, reprezentan\u0163i ai mediului politic precum \u015fi membrii societ\u0103\u0163ii civile prezenti la intalnire, au avut posibilitatea de a veni cu o serie de recomandari utile pentru initierea unor masuri ce vor fi implementate in viitor.<br \/>\nPentru informa\u0163ii suplimentare v\u0103 rug\u0103m s\u0103 v\u0103 adresa\u0163i persoanei de contact Carmen Gheorghe la numerele de telefon: 021.210.05.39 sau 0741.975.642<\/p>\n<p>Gelu Duminica<br \/>\nDirector Executiv<br \/>\nAgen\u0163ia de Dezvoltare Comunitar\u0103 \u201e\u00cempreun\u0103\u201d<br \/>\n<a href=\"http:\/\/www.agentiaimpreuna.ro\">www.agentiaimpreuna.ro<\/a><\/p>\n","protected":false},"excerpt":{"rendered":"<p>via carmen Comunicat de Pres\u0103, 18.3.2009 Agen\u0163ia de Dezvoltare Comunitar\u0103 \u201e\u00cempreun\u0103\u201d \u00een parteneriat cu Agen\u0163ia Na\u0163ional\u0103 pentru Egalitatea de \u015eanse \u00eentre Femei \u015fi B\u0103rba\u0163i a organizat in data de 16 Martie a.c. dezbaterea cu tema \u201eFemeile rome si Structurile Sindicale &hellip; <a href=\"https:\/\/fia.pimienta.org\/weblog\/?p=839\">Continue reading <span class=\"meta-nav\">&rarr;<\/span><\/a><\/p>\n","protected":false},"author":2,"featured_media":0,"comment_status":"open","ping_status":"open","sticky":false,"template":"","format":"standard","meta":{"footnotes":""},"categories":[20,34,9,22,23,35,31,2,7],"tags":[],"class_list":["post-839","post","type-post","status-publish","format-standard","hentry","category-anti-racism","category-cee","category-critica-sociala","category-economic-justice","category-grassroots-organizing","category-intersectionalities","category-menmale-allies","category-01romana","category-romania"],"_links":{"self":[{"href":"https:\/\/fia.pimienta.org\/weblog\/index.php?rest_route=\/wp\/v2\/posts\/839","targetHints":{"allow":["GET"]}}],"collection":[{"href":"https:\/\/fia.pimienta.org\/weblog\/index.php?rest_route=\/wp\/v2\/posts"}],"about":[{"href":"https:\/\/fia.pimienta.org\/weblog\/index.php?rest_route=\/wp\/v2\/types\/post"}],"author":[{"embeddable":true,"href":"https:\/\/fia.pimienta.org\/weblog\/index.php?rest_route=\/wp\/v2\/users\/2"}],"replies":[{"embeddable":true,"href":"https:\/\/fia.pimienta.org\/weblog\/index.php?rest_route=%2Fwp%2Fv2%2Fcomments&post=839"}],"version-history":[{"count":4,"href":"https:\/\/fia.pimienta.org\/weblog\/index.php?rest_route=\/wp\/v2\/posts\/839\/revisions"}],"predecessor-version":[{"id":843,"href":"https:\/\/fia.pimienta.org\/weblog\/index.php?rest_route=\/wp\/v2\/posts\/839\/revisions\/843"}],"wp:attachment":[{"href":"https:\/\/fia.pimienta.org\/weblog\/index.php?rest_route=%2Fwp%2Fv2%2Fmedia&parent=839"}],"wp:term":[{"taxonomy":"category","embeddable":true,"href":"https:\/\/fia.pimienta.org\/weblog\/index.php?rest_route=%2Fwp%2Fv2%2Fcategories&post=839"},{"taxonomy":"post_tag","embeddable":true,"href":"https:\/\/fia.pimienta.org\/weblog\/index.php?rest_route=%2Fwp%2Fv2%2Ftags&post=839"}],"curies":[{"name":"wp","href":"https:\/\/api.w.org\/{rel}","templated":true}]}}