{"id":800,"date":"2009-03-04T19:23:08","date_gmt":"2009-03-04T17:23:08","guid":{"rendered":"https:\/\/fia.pimienta.org\/weblog\/?p=800"},"modified":"2009-03-04T19:24:20","modified_gmt":"2009-03-04T17:24:20","slug":"8-martie","status":"publish","type":"post","link":"https:\/\/fia.pimienta.org\/weblog\/?p=800","title":{"rendered":"8 martie!"},"content":{"rendered":"<p><strong>Feminism<em>e<\/em><\/strong><br \/>\nistorii, spatii libere, democratie participativa, justitie economica<\/p>\n<p>___________________________________________________________<br \/>\n<strong>8 martie \u2013 Ziua Interna\u0163ional\u0103 a Femeilor!<\/strong><\/p>\n<p><strong>Spatiul h.arta<br \/>\nStr. Zugrav Nedelcu nr. 11, Timi\u015foara<\/strong> (intrarea din Splaiul Tudor Vladimirescu)<br \/>\nsi spatiul public al orasului<\/p>\n<p>Ziua de 8 martie are o istorie legata de luptele pentru egalitate sociala, o istorie a eforturilor \u015fi sacrificiilor depuse de femei obisnuite pentru drepturi in campul muncii. Aceasta istorie a unei zile care sa celebreze femeile care muncesc (facand atat munca salariata cat si muncile casnice neplatite, atat munca productiva cat si munca reproductiva) este acoperita de identificarea zilei de 8 martie nu cu o zi a femeilor care militeaza pentru drepturile lor ci cu o zi a femeilor pasive, care sunt, prin menire si destin doar mame si consumatoare.<\/p>\n<p>Va invitam sa sarbatorim ziua de 8 martie avandu-le in minte pe femeile care s-au opus si se opun inegalitatilor de multiple feluri, pe cele care prin atitudinile si actiunile lor au participat si participa la construirea unei realitati mai echitabile.<\/p>\n<p>Program<!--more--><\/p>\n<p><strong>14:00<\/strong> Actiune in spatiul public<br \/>\n<strong>18:00<\/strong> (spatiul h.arta)<br \/>\nPrezentare a atelierului de video \u201eGenul orasului&#8221;, sustinuta de Katharina Koch si h.arta<br \/>\nProiectie a filmelor realizate in timpul atelierului de catre Noemi Dumitrescu, Ioana Farcas, Simona Homorodean, Andrada Jichici, Karina Marusteri.<br \/>\n<strong>19:00<\/strong> Prezentare a grupului de video activism din Berlin ak kraak, sustinuta de Katharina Koch si Marie du Vinage. Proiectii de filme realizate de ak kraak.<br \/>\nGrupul ak kraak produce documentare care reflecta asupra problemelor politice, sociale, artistice si culturale, cuprinzand subiecte legate de rasism, anti-semitism, munca, exploatare, migratie, gentrificare, gen si sexism. Grupul organizeaza, de asemenea, ateliere gratuite de filmare si editare digitala pentru persoane interesate de subiecte cu incarcatura politica si sociala.<br \/>\n<strong>21:00<\/strong> Discutii si timp petrecut impreuna.<br \/>\n           <em>Prezentare informala a \u201ecolectiei&#8221; de haine Feminisme.<\/em><\/p>\n<p>Mai multe informatii in curand pe: <a href=\"http:\/\/www.feminisme.ro\"><strong>www.feminisme.ro<\/strong><\/a><\/p>\n<p>____________________________________________________________<br \/>\nFeminisme este sprijinit de: ERSTE Stiftung, Kultur Kontakt Austria, Administratia FCN, Consiliul Local Timisoara, Consiliul Judetean Timis.<\/p>\n","protected":false},"excerpt":{"rendered":"<p>Feminisme istorii, spatii libere, democratie participativa, justitie economica ___________________________________________________________ 8 martie \u2013 Ziua Interna\u0163ional\u0103 a Femeilor! Spatiul h.arta Str. Zugrav Nedelcu nr. 11, Timi\u015foara (intrarea din Splaiul Tudor Vladimirescu) si spatiul public al orasului Ziua de 8 martie are o &hellip; <a href=\"https:\/\/fia.pimienta.org\/weblog\/?p=800\">Continue reading <span class=\"meta-nav\">&rarr;<\/span><\/a><\/p>\n","protected":false},"author":1,"featured_media":0,"comment_status":"open","ping_status":"open","sticky":false,"template":"","format":"standard","meta":{"footnotes":""},"categories":[4,34,9,30,22,3,23,43,35,8,2,7,37],"tags":[],"class_list":["post-800","post","type-post","status-publish","format-standard","hentry","category-anunturiannouncements","category-cee","category-critica-sociala","category-diy","category-economic-justice","category-feminism","category-grassroots-organizing","category-identity","category-intersectionalities","category-links","category-01romana","category-romania","category-technologynew-media"],"_links":{"self":[{"href":"https:\/\/fia.pimienta.org\/weblog\/index.php?rest_route=\/wp\/v2\/posts\/800","targetHints":{"allow":["GET"]}}],"collection":[{"href":"https:\/\/fia.pimienta.org\/weblog\/index.php?rest_route=\/wp\/v2\/posts"}],"about":[{"href":"https:\/\/fia.pimienta.org\/weblog\/index.php?rest_route=\/wp\/v2\/types\/post"}],"author":[{"embeddable":true,"href":"https:\/\/fia.pimienta.org\/weblog\/index.php?rest_route=\/wp\/v2\/users\/1"}],"replies":[{"embeddable":true,"href":"https:\/\/fia.pimienta.org\/weblog\/index.php?rest_route=%2Fwp%2Fv2%2Fcomments&post=800"}],"version-history":[{"count":5,"href":"https:\/\/fia.pimienta.org\/weblog\/index.php?rest_route=\/wp\/v2\/posts\/800\/revisions"}],"predecessor-version":[{"id":805,"href":"https:\/\/fia.pimienta.org\/weblog\/index.php?rest_route=\/wp\/v2\/posts\/800\/revisions\/805"}],"wp:attachment":[{"href":"https:\/\/fia.pimienta.org\/weblog\/index.php?rest_route=%2Fwp%2Fv2%2Fmedia&parent=800"}],"wp:term":[{"taxonomy":"category","embeddable":true,"href":"https:\/\/fia.pimienta.org\/weblog\/index.php?rest_route=%2Fwp%2Fv2%2Fcategories&post=800"},{"taxonomy":"post_tag","embeddable":true,"href":"https:\/\/fia.pimienta.org\/weblog\/index.php?rest_route=%2Fwp%2Fv2%2Ftags&post=800"}],"curies":[{"name":"wp","href":"https:\/\/api.w.org\/{rel}","templated":true}]}}