{"id":340,"date":"2007-06-10T16:28:09","date_gmt":"2007-06-10T14:28:09","guid":{"rendered":"https:\/\/fia.pimienta.org\/weblog\/?p=340"},"modified":"2008-03-04T18:41:34","modified_gmt":"2008-03-04T16:41:34","slug":"libertatea-cuvantuluitotusi-nu-atat-de-libera","status":"publish","type":"post","link":"https:\/\/fia.pimienta.org\/weblog\/?p=340","title":{"rendered":"Libertatea cuvantului,totusi nu atat de libera"},"content":{"rendered":"<p>Cu siguranta ziua de ieri (sambata,9 iunie) a fost o zi controversata,aglomerata si agitata,plina de incidente care au avut loc cu ocazia Gay Fest-ului.<\/p>\n<p>Probabil mai toata lumea s-a uitat la televizor si a vazut ce s-a intamplat in aceasta zi.<\/p>\n<p>Ziua de sambata a inceput pentru mine la 8 dimineata,nu am avut timp nici sa-mi beau cafeaua sau sa fac prea multe lucruri ca am si iesit in jumatate de ora pe usa.Nu,nu am fost sa sustin ideea Noii Drepte (hehe),al carei mars pentru &#8220;normalitate&#8221; a inceput la ora 10.Consider ca cele\/cei care vor citi acest blog sunt informati in ceea ce priveste aceasta grupare de extrema dreapta,grupare ce promoveaza homofobia,rasismul,xenofobia,nationalismul si alte -isme,ascunzandu-le in spatele doctrinei crestine,toate manifestatiile si actiunile lor fiind &#8220;in numele lui Dumnezeu si pentru o viata morala,crestina&#8221;.<br \/>\n<!--more--><\/p>\n<p>La 9:45 am ajuns in Piata Rosetti unde &#8220;intamplator&#8221; m-am intalnit cu cativa prieteni si cateva persoane pe care nu le cunosteam pana atunci,cu scopul de ne spune si noi parerea in legatura cu marsul formatiunii Noua Dreapta,doar avem dreptul,atata timp cat nu se recurge la violenta,nu?Asta a spus si un domn,reprezentant al Jandarmeriei romane in urma cu o seara la un post de televiziune.La ora 10:15-10:30 eram in jur de 25 de persoane,ce au pornit usor spre Universitate pentru a-i intampina pe prea luminatii si prea &#8220;normalii&#8221; contramanifestanti Gay Parade.Da,noi eram tinerii imbracati in negru despre care s-a vorbit la televizor si in presa,care ar fi turburat protestul Noii Drepte.<\/p>\n<p>Ajunsi in cele de urma la Universitate,in jurul Intercontinentalui,ne-am retras undeva la umbra,pe o bordura sa stabilim ce spunem si cum ii intampinam.Nu a durat mult ca au inceput sa apara masinile jandarmeriei si politiei,semn ca Noua Dreapta se apropie.Aveam cu noi bannerul (cunoscut pentru unii) &#8220;Toti diferiti,toti egali&#8221;,banner ce a fost folosit si in timpul marsului impotriva discriminarii de orice fel din noiembrie 2006.La scurt timp dupa aparitia politiei si jandarmeriei veniti cu scopul a-i apara pe cei ce scandau impotriva &#8220;poponarilor&#8221;,ca sa ii citez,si-au facut aparitia si cativa cameramani si fotografi de la diferite publicatii.cineva dintre noi s-a apropiat de strada unde trebuia sa apara &#8220;dreptii&#8221;,ca atunci cand ajung sa ne faca semn.Si s-a facut semnul.<\/p>\n<p>Am intins bannerul despre care vorbeam mai sus si ne-am indreptat spre cordonul de manifestanti pentru a ne face auziti,strigand &#8220;Toti diferiti,toti egali&#8221; si &#8220;Noua dreapta e fascista&#8221;.La televizor s-a vorbit de un grup de tineri imbracati in negru si cu fetele acoperite.Simt nevoia sa spun ca nu ne-am acoperit fetele de drag sau ca asa e moda,ci pentru simplul fapt de a ne proteja identitatea fata de cei care militeaza,pe langa homofobie,pentru o natiune si o rasa pura,pentru un popor fara &#8220;scursuri&#8221; (din nou i-am citat) precum rromii,ungurii si alte etnii ce se afla in Romania,niste militanti ce poarta tricouri cu insemne fasciste si se autointituleaza lagionari si urmasi ai lui Zelea Codreanu.Am purtat esarfe si masti pentru a evita riscul de a fi recunoscuti alta data pe strada si batuti de acestia,cum s-a intamplat alta data cu cateva persoane.<\/p>\n<p>Cum ne-a vazut,presa si-a indreptat camerele spre noi.Am reusit sa ne apropiem de gardul de pe margine de care am sprijinit bannerul si am inceput sa ne spunem opinia,scandand aceleasi lozinci cu care am pornit inspre ei.Cei din mars au ramas surprinsi iar atunci cand s-au dezmeticit au inceput sa ne injure si sa ne strige &#8220;poponarilor&#8221;.Nu sunt o persoana credincioasa,insa nu credeam ca voi vedea vreodata preoti cu cruci si icoane in mana,plini de ura,care sa injure si sa insulte in halul in care au facut-o.In scoala,la ora de religie invatam ca preoti sunt intermediari intre ceresc,respectiv divinitate si pamant adica ce tine de umanitate si ca scopul lor este sa promoveze pacea si iubirea fata de aproape si nu ura si scarba.<\/p>\n<p>La un moment dat au intervenit fortele jandarmeriei si au inceput sa ne impinga si sa ne incercuiasca,desi noi nu am ripostat in nici un fel prin violenta si nici nu aveam de gand sa facem asta,intrucat,eu personal &#8211; ca sa nu vorbesc in numele celor prezenti acolo desi stiu ca la fel se considera si ei- sunt pacifista,am considerat ca este dreptul nostru sa ne spunem opinia (atata timp cat nu se ajunge la violenta,de orice tip ar fi ea);din moment ce sunt ingrijorata de ascensiunea si toleranta cu care sunt tratate de cate populatie niste doctrine fasciste ce promoveaza violenta.<\/p>\n<p>Pentru ca eram in fata,tineam un colt la bannerului,am fost bruscata de un jandarm ce mi-a smucit bratul si m-a tras intr-o parte pentru identificare.Ceilalti cu care eram au reusit sa se urce pe treptele din fata teatrului si sa-si strige opinia.Ingrijorat se pare,Tudor Ionescu,presedintele formatiunii Noua Dreapta a venit inspre noi,insa nu s-a apropiat prea mult si a preferat sa se ascunda in spatele jandarmilor si a jurnalistilor care ne imbranceau si incercau sa ne fotografieze si sa ne filmeze.La un moment dat,unul dintre noi a scos din geanta un tricou identic cu cel purtat de simpatizantii celor care se declara luptatori pt normalitate si crestinism si l-a rupt in fata lui Tudor Ionescu,care se cufunda si mai mult in spatele jandarmilor si politistilor.Agresivi,jandarmi au chemat imediat intariri sustinand ca e vb de o contra manifestatie pentru marsul pentru normalitate.<\/p>\n<p>Se formase un haos de nedescris: jurnalisti care veneau si ne trageau de brate si de par au incercat sa ne smulga esarfele pentru a ne poza fetele,politia care ne smucea si ne busca intr-un mod barbar.La un moment dat au aparut niste barbati masivi mascati,cu caschete si bastoane de cauciuc si au inceput sa ne intorca mainile la spate,ca ultimilor infractori.Unii s-au panicat si au inceput sa fuga,in momentul in care un jurnalist a strigat &#8220;fugiti prin stanga ca vin sa va ia!!!&#8221;.Jandarmii dupa noi,i-au trantit pe unii la pamant si au inceput sa arunce cu bastoane in stanga si in dreapta,un amic alegandu-se cu o rana deschisa la cap.Jurnalistii claie peste gramada, peste ei.Sa nu mai spun de intrebarile stupide care ni s-au pus,de genul &#8220;Din ce organizatie faceti parte?&#8221; &#8220;cine e in spatele vostru?&#8221; &#8220;sunteti de la green peace?&#8221; (hahahha asta mi-a placut cel mai mult) &#8220;sunteti gay?&#8221; sau &#8220;de ce sunteti mascati?&#8221; intrebari la care li s-au dat raspunsuri pe masura,cum ar fi &#8220;ne ascundem fetele ca nu suntem prea fotogenici&#8221;.<br \/>\nAs vrea sa precizez cu indignare ca in momentul in care eram identificata si mi se luau date de pe buletin si mi se puneau intrebari,un tip cu o camera a incercat sa-mi filmeze buletinul.In momentul ala m-am speriat si i-am spus jandarmului sa ia masuri iar el m-a ironizat &#8220;ah,vrei sa il bag direct in camera?&#8221; dupa care s-a simtit nevoit sa se intoarca cu spatele spre tipul insistent.no comment.<\/p>\n<p>Intr-un final,dupa identificare,m-a strans de brat &#8220;domnisoara vom merge la sectie&#8221; si a vrut sa ma bage intr-o duba,insa a intervenit un coleg spunandu-i ca ne vor lua pe toti.<\/p>\n<p>Prin urmare am fost dusa intru-una din masinile metalice gri,de armata.Drumul spre masina a fost un calvar.Deodata m-am trezit cu 4-5 blitz-uri in ochi,jurnalistii stand ghemuiti poate-poate imi vor surpinde fata,moment in care,desi aveam un batic pe fata si gluga in cap,mi-am pus bratele in jurul fetei.Insa acest lucru nu i-a impiedicat sa ma traga de brate si sa ma smuceasca sa-mi pozeze odata si pentru totdeauna figura de infractoare.Si din nou,jandarmul nu a intervenit.Printre jurnalisti,erau si oameni obisnuiti cu camere digitale ce ma fotografiau,dintre care unul foarte violent aproape ca m-a lovit cu obiectivul.Se stie deja ca cei de la ND trimit persoane prin baruri sau pe la concerte sa-i pozeze pe eventuali &#8220;inamici&#8221;,pentru a afla cat mai multe despre ei,ca sa stie pe cine sa agreseze.<\/p>\n<p>Urcata in masina,i-am vazut pe majoritatea dintre cei cu care venisem,semn ca fusesra prinsi.Insa printre noi mai era un individ pe care nu-l cunosteam,insa a fost recunoscut de cativa,ca fiind un individ infiltrat pentru a vedea cine suntem.Am spus ca el nu e cu noi si am intrebat ce cauta acolo.Ajunsi la sectia 1,respectivului i s-a dat drumul imediat. (din nou semne de intrebare).<br \/>\nNe-au pus sa stam pe scaune intr-o sala mare ce ma ducea cu gandul la scoala (chira s-a facut la un moment o gluma &#8220;yay! sunt la seminar&#8221;.<\/p>\n<p>Deodata apare in usa individ cu o camera micuta de filmare si a inceput sa ne filmeze.Era individul ce incerca sa-mi filmeze datele de pe buletin.Ne-am lamentat si ne-am acoperit fetele si am intrebat ce drept are sa ne filmeze,la care raspunsul politistilor a fost ca este un coleg de-al lor si cand i-am cerut sa se legitimeze,ne-au spus ca ei nu lasa pe oricine sa intre in sectie si sa stam linistiti.Ciudat insa ca dupa aceea nu l-am mai vazut,cat am stat la sectie si ma plimbam pe coridor.Eram 14 persoane,dintre care 5 fete si restul baieti,atatia ne-au numarat.Ni s-au cerut din nou date,ni s-a vobit de unii normal,de altii ca si cand am fi fost niste criminali.La un moement dat vorbea un politist la telefon: &#8220;ah,sunt cu homosexualii astia pe aici&#8221;.<\/p>\n<p>Ne-au controlat in genti,buzunare,peste tot.Au fost retinute niste sparyuri cu piper al unor fete.Si eu il aveam pe al meu in geanta,insa am reusit sa-l ascund.Ni s-a spuz ca este ilegal sa porti asa ceva,mai ales ziua iar seara este &#8220;free&#8221; pentru fete.Ni s-a si aratat legea.Buuuunnnn..asta inseamna ca daca eu plec de dimineata de acasa si ma intorc a doua zi dimineata trebuie sa ma intorc intre timp,seara,ca sa imi iau sprayul,pentru ca legea spune ca am voie sa-l port doar seara\/noaptea.<\/p>\n<p>Dupa ce ni s-au lat datele de pe buletin,am fost obligati sa ni se ia amprentele si sa ni se faca poze,chiar daca inainte sa intri la pozat,te intrebau daca ai obiectii.Cand am cerut sa ni se arate unde scrie ca trebuie sa fim amprentati si fotografiati,pentru ca etse dreptul nostru ca cetateni sa stim,ni s-a raspuns exact cum ma asteptam :&#8221; dar ce voi credeti ca noi umblam cu toate legile dupa noi?&#8221; Si cine spunea ca refuza sa i se aplice aceste proceduri ,ii era luat oricum buletinul si mutat de colo-colo incat tot sa fie fotografiat ajungea.Ni s-a spus ca au facut toate aceste lucruri ca sa ne aiba in data de baze a sectiei si ca nu ne luau la sectie daca u fugeam.Cum pot spune asa ceva cand eu si inca cativa am fost luati direct,fara macar sa ne deplasam 2-3 pasi cu intentia de a fugi?<\/p>\n<p>Sa nu mai spun ca unii din politisti isi pemiteau &#8220;glumite&#8221; cu noi.Atunci cand ii ceream niste informatii unui politist in privinta folosirii sprayului cu piper (da,am o problema haha) si altele,sa imi arate legea pe foaie,un alt politist l-a luat la misto pe cel cu care discutam: &#8220;Ce faci bai X-ulescu? eeeee? *cu un ranjet pe fata*faci bine? vorbesti cu fetele,a?&#8221;<\/p>\n<p>Ni s-au intocmit procese verbale,cu contraventie pt fiecare de 500 RON&#8230;amenda aplicata pentru 12 persoane,doi dintre noi scapand,nefiind cetateni romani,scapand numai cu un avertisment.Ni s-a aplicat aceasta contraventie conform legii x pentru contramanifestarii asupra unui mars aprobat,legat,desi noi in declaratii am spus ca nu am organizat nimic,ci ca eram cativa prieteni si ne-am intalnit cu alte persoane,dintre care pe unele le cunosteam pe altele nu,ca sa mergem a Motorock in Ploiesti :P .<br \/>\nIn fine,cert e ca luni vom depune contestie,vom da in primul rand declaratii ca am fost agresati atat de politie cat si de jurnalisti,desi noi am fost pasnici.Nu avem de unde plati acesti bani in primul ran,iar eu personal nu sunt de acord sa dau bani politiei ..pentru ce? pentru a-i apara si anul viitor pe cei de la ND cand vor face mars?.Nu,multumesc.<\/p>\n<p>Azi de dimineata s-a emis un comunicat de presa ce a fost trimis catre mai multe postrui tv si publicatii.Am fost nevoiti sa dam acest comunicat intrucat posturi precum Protv ne-au bagat in aceeasi oala cu cei care au contramanifestat si au aruncat cu pietre si petarde la parada gay,spunand ca suntem aceleasi persoane,atunci cand se vorbeau despre ei aratau imagini cu noi si invers.si multe alte confuzii si prostii spuse prin prea si pe canalele de stiri.<\/p>\n<p>O chestie care m-a surprins si m-a dezamagit extrem de mult a fost declaratia lui Florin Buhuceanu de la Accept,care a declarat ca nu are nici o legatura cu ce s-a intamplat si ca nu ne cunoaste,nu stie cine suntem si ca am fost violenti,desi din cate stiu cativa membrii Accept au luat parte la marsul importiva discirmarii din toamna anului trecut si stiu foarte bine pentru ce s-a militat si cunosc la fel de bine bannerul pe care l-am avut in Piata Universitatii ieri.A mai spus ca reactia noastra nu a fost pro Accept,ci pro democratie,ca este o reactie normala a cetatenilor la violenta promovata de ND.Bun,atunci daca este o rectie normala a cetatenilor,daca ieseau 200 de oameni in strada toti luau amenda pt faptul asta,desi este &#8220;o reactie normala&#8221;? Deci este normala,logica dar ilegala.<\/p>\n<p>Am sa pun si aici comunicatul de presa:<\/p>\n<p>Dorim s\u0103 v\u0103 aducem la cuno\u015ftin\u0163\u0103 c\u0103 noi, un grup de tineri cet\u0103\u0163eni, am ie\u015fit \u00een strad\u0103 \u00een diminea\u0163a zilei de 09 iunie 2007, \u00een timpul Mar\u015fului pentru \u201enormalitate\u201d pentru a ne exprima \u00eengrijorarea \u015fi totodat\u0103 indignarea fa\u0163\u0103 de ascensiunea extremei drepte \u015fi violen\u0163ele provocate de reprezentan\u0163ii \u015fi simpatizan\u0163ii acesteia; fa\u0163\u0103 de pasivitatea societ\u0103\u0163ii civile vis-a-vis de aceste manifest\u0103ri, de alian\u0163a autorizat\u0103 a institu\u0163iilor religioase, a unor partide politice cu o organiza\u0163ie neo-fascist\u0103 &#8211; Noua Dreapt\u0103.<\/p>\n<p>Ac\u0163iunea desf\u0103\u015furat\u0103 a avut un caracter pa\u015fnic cu scopul afirmarii unei con\u015ftiin\u0163e antifasciste \u00een cadrul societ\u0103\u0163ii, tragerea unui semnal de alarm\u0103 fa\u0163\u0103 de amenin\u0163area ideologiilor extremiste camuflate sub principii cre\u015ftine. Exemplul unor \u0163\u0103ri din Estul Europei din ultimii ani, precum Rusia, Serbia, Slovenia, Ucraina ne demonstraz\u0103 c\u0103 tolerarea mi\u015fc\u0103rilor de extrem\u0103 dreapt\u0103 poate avea consecin\u0163e tragice. Crimele cu caracter politic, rasist, xenofob, homofob din ce \u00een ce mai frecvente, duc la instaurarea unui climat social de nesiguran\u0163\u0103, fric\u0103 \u015fi teroare.<\/p>\n<p>\u00cen acela\u015fi timp facem apel la mijloacele de informare \u00een mas\u0103 s\u0103 opereze o distinc\u0163ie clar\u0103 \u00eentre ac\u0163iunea spontan\u0103 \u015fi non-violent\u0103 din Pia\u0163a Universit\u0103\u0163ii, \u00eempotriva mar\u015fului organizat de Noua Dreapt\u0103 \u015fi manifest\u0103rile homofobe violente din dup\u0103-amiaza aceleea\u015fi zile din Pia\u0163a Unirii. <\/p>\n<p>Sus\u0163inem drepturi egale pentru minorit\u0103\u0163ile sexuale \u015fi dezaprob\u0103m orice atitudine discriminatorie. To\u0163i diferi\u0163i, to\u0163i egali!<\/p>\n<p>Grupul de ini\u0163iativ\u0103 impotriva extremei drepte<\/p>\n<p>Cam atat de pe frontul de lupta hahahahahha.<br \/>\nSper ca problemele sa se rezolve curand.<br \/>\nNumai bine.<\/p>\n<p><em><strong>&#8220;sunt batuti pt ca poarta tenesi si asculta muzica rock&#8221; ramane in istorie<\/strong><\/em><br \/>\n<a href=\"http:\/\/www.protv.ro\/stiri\/social\/protestul-impotriva-marsului-diversitatii-s-a-lasat-cu-scantei.html\">protv.ro&#8230;protestul-impotriva-marsului-diversitatii-s-a-lasat-cu-scantei.html<\/a><\/p>\n","protected":false},"excerpt":{"rendered":"<p>Cu siguranta ziua de ieri (sambata,9 iunie) a fost o zi controversata,aglomerata si agitata,plina de incidente care au avut loc cu ocazia Gay Fest-ului. Probabil mai toata lumea s-a uitat la televizor si a vazut ce s-a intamplat in aceasta &hellip; <a href=\"https:\/\/fia.pimienta.org\/weblog\/?p=340\">Continue reading <span class=\"meta-nav\">&rarr;<\/span><\/a><\/p>\n","protected":false},"author":38,"featured_media":0,"comment_status":"open","ping_status":"open","sticky":false,"template":"","format":"standard","meta":{"footnotes":""},"categories":[38,9,23,35,27,8,17,31,2,7],"tags":[],"class_list":["post-340","post","type-post","status-publish","format-standard","hentry","category-bodily-autonomy","category-critica-sociala","category-grassroots-organizing","category-intersectionalities","category-lgbtqi","category-links","category-media","category-menmale-allies","category-01romana","category-romania"],"_links":{"self":[{"href":"https:\/\/fia.pimienta.org\/weblog\/index.php?rest_route=\/wp\/v2\/posts\/340","targetHints":{"allow":["GET"]}}],"collection":[{"href":"https:\/\/fia.pimienta.org\/weblog\/index.php?rest_route=\/wp\/v2\/posts"}],"about":[{"href":"https:\/\/fia.pimienta.org\/weblog\/index.php?rest_route=\/wp\/v2\/types\/post"}],"author":[{"embeddable":true,"href":"https:\/\/fia.pimienta.org\/weblog\/index.php?rest_route=\/wp\/v2\/users\/38"}],"replies":[{"embeddable":true,"href":"https:\/\/fia.pimienta.org\/weblog\/index.php?rest_route=%2Fwp%2Fv2%2Fcomments&post=340"}],"version-history":[{"count":0,"href":"https:\/\/fia.pimienta.org\/weblog\/index.php?rest_route=\/wp\/v2\/posts\/340\/revisions"}],"wp:attachment":[{"href":"https:\/\/fia.pimienta.org\/weblog\/index.php?rest_route=%2Fwp%2Fv2%2Fmedia&parent=340"}],"wp:term":[{"taxonomy":"category","embeddable":true,"href":"https:\/\/fia.pimienta.org\/weblog\/index.php?rest_route=%2Fwp%2Fv2%2Fcategories&post=340"},{"taxonomy":"post_tag","embeddable":true,"href":"https:\/\/fia.pimienta.org\/weblog\/index.php?rest_route=%2Fwp%2Fv2%2Ftags&post=340"}],"curies":[{"name":"wp","href":"https:\/\/api.w.org\/{rel}","templated":true}]}}