{"id":2729,"date":"2014-07-29T11:43:42","date_gmt":"2014-07-29T09:43:42","guid":{"rendered":"https:\/\/fia.pimienta.org\/weblog\/?p=2729"},"modified":"2014-07-29T12:08:02","modified_gmt":"2014-07-29T10:08:02","slug":"mamaia-mea-era-printre-altele-moasa-satului","status":"publish","type":"post","link":"https:\/\/fia.pimienta.org\/weblog\/?p=2729","title":{"rendered":"mamaia mea era printre altele moasa satului."},"content":{"rendered":"<blockquote><p>&#8230; De aproape un sfert de secol al\u0163ii n-au nici o jen\u0103 s\u0103 tr\u00e2mbi\u0163eze peste tot propria Istorie, al\u0163ii amu\u0163esc, distorsioneaz\u0103 \u015fi intr\u0103 cu bocancii peste istoriile femeilor. Al\u0163ii definesc ce este \u201eimportant\u201d, ce suferin\u0163e sunt \u201epolitice\u201d, ce este \u201eanticomunismul\u201d \u015fi r\u0103sun\u0103 pie\u0163ele \u0163\u0103rii \u0103steia de revela\u0163iile lor religioase \u015fi tradi\u0163ia lor reg\u0103sit\u0103, de cuvintele lor goale care zorn\u0103ie pompos. Pentru c\u0103 ale lor sunt pie\u0163ele publice, c\u0103r\u0163ile, universit\u0103\u0163ile, institu\u0163iile politice \u015fi religioase.  <\/p>\n<p>Istoria lor e \u015fi \u00een min\u0163ile noastre. Ne-au \u00eenv\u0103\u0163at pe toate de mici nimic despre trecutul nostru \u015fi totul despre al lor. Ne-au \u00eenv\u0103\u0163at pe toate de mici c\u0103 experien\u0163a lor este principal\u0103 \u015fi a noastr\u0103 secundar\u0103. Ne-au \u00eenv\u0103\u0163at asta explicit sau aleg\u00e2nd ce se aude \u015fi ce se tace. Ne-au \u00eenv\u0103\u0163at de mici s\u0103 ne distorsion\u0103m \u015fi respingem propriile experien\u0163e \u015fi propria istorie. S\u0103 ne fie ru\u015fine cu ele. Ne-au \u00eenv\u0103\u0163at pe toate de mici, \u00een \u201eanticomunismul\u201d lor, acelea\u015fi lec\u0163ii \u00eenv\u0103\u0163ate de mamele \u015fi mamaiele noastre: s\u0103 ne ru\u015fin\u0103m, s\u0103 ne l\u0103s\u0103m supravegheate, s\u0103 ne l\u0103s\u0103m vie\u0163ile dictate, s\u0103 t\u0103cem, s\u0103 t\u0103cem, s\u0103 t\u0103cem. Ne-au \u00eenv\u0103\u0163at s\u0103 nu fim una al\u0103turi de alta. S\u0103 nu ne cunoa\u015ftem una pe alta. S\u0103 ne condamn\u0103m una pe alta. S\u0103 nu vorbim mame cu fiice, prietene \u00eentre ele, bunici cu nepoate. S\u0103 ne uit\u0103m istoriile, s\u0103 ne uit\u0103m cuvintele. &#8230;<\/p><\/blockquote>\n<p>&#8212; <a href=\"http:\/\/eudecid.blogspot.ro\/2014\/07\/toci.html\">&#8220;Toci!&#8221;<\/a> @ <strong><em>Eu Decid<\/em><\/strong><\/p>\n","protected":false},"excerpt":{"rendered":"<p>&#8230; De aproape un sfert de secol al\u0163ii n-au nici o jen\u0103 s\u0103 tr\u00e2mbi\u0163eze peste tot propria Istorie, al\u0163ii amu\u0163esc, distorsioneaz\u0103 \u015fi intr\u0103 cu bocancii peste istoriile femeilor. Al\u0163ii definesc ce este \u201eimportant\u201d, ce suferin\u0163e sunt \u201epolitice\u201d, ce este \u201eanticomunismul\u201d &hellip; <a href=\"https:\/\/fia.pimienta.org\/weblog\/?p=2729\">Continue reading <span class=\"meta-nav\">&rarr;<\/span><\/a><\/p>\n","protected":false},"author":1,"featured_media":0,"comment_status":"open","ping_status":"open","sticky":false,"template":"","format":"standard","meta":{"footnotes":""},"categories":[38,9,83,22,3,35,8,2,7],"tags":[],"class_list":["post-2729","post","type-post","status-publish","format-standard","hentry","category-bodily-autonomy","category-critica-sociala","category-din-istorie","category-economic-justice","category-feminism","category-intersectionalities","category-links","category-01romana","category-romania"],"_links":{"self":[{"href":"https:\/\/fia.pimienta.org\/weblog\/index.php?rest_route=\/wp\/v2\/posts\/2729","targetHints":{"allow":["GET"]}}],"collection":[{"href":"https:\/\/fia.pimienta.org\/weblog\/index.php?rest_route=\/wp\/v2\/posts"}],"about":[{"href":"https:\/\/fia.pimienta.org\/weblog\/index.php?rest_route=\/wp\/v2\/types\/post"}],"author":[{"embeddable":true,"href":"https:\/\/fia.pimienta.org\/weblog\/index.php?rest_route=\/wp\/v2\/users\/1"}],"replies":[{"embeddable":true,"href":"https:\/\/fia.pimienta.org\/weblog\/index.php?rest_route=%2Fwp%2Fv2%2Fcomments&post=2729"}],"version-history":[{"count":1,"href":"https:\/\/fia.pimienta.org\/weblog\/index.php?rest_route=\/wp\/v2\/posts\/2729\/revisions"}],"predecessor-version":[{"id":2730,"href":"https:\/\/fia.pimienta.org\/weblog\/index.php?rest_route=\/wp\/v2\/posts\/2729\/revisions\/2730"}],"wp:attachment":[{"href":"https:\/\/fia.pimienta.org\/weblog\/index.php?rest_route=%2Fwp%2Fv2%2Fmedia&parent=2729"}],"wp:term":[{"taxonomy":"category","embeddable":true,"href":"https:\/\/fia.pimienta.org\/weblog\/index.php?rest_route=%2Fwp%2Fv2%2Fcategories&post=2729"},{"taxonomy":"post_tag","embeddable":true,"href":"https:\/\/fia.pimienta.org\/weblog\/index.php?rest_route=%2Fwp%2Fv2%2Ftags&post=2729"}],"curies":[{"name":"wp","href":"https:\/\/api.w.org\/{rel}","templated":true}]}}