{"id":1450,"date":"2010-05-27T11:46:31","date_gmt":"2010-05-27T09:46:31","guid":{"rendered":"https:\/\/fia.pimienta.org\/weblog\/?p=1450"},"modified":"2010-05-27T11:55:15","modified_gmt":"2010-05-27T09:55:15","slug":"lansare-publicatie-priveste-ma-asa-cum-sunt-imagini-si-cuvinte-ale-femeilor-rome","status":"publish","type":"post","link":"https:\/\/fia.pimienta.org\/weblog\/?p=1450","title":{"rendered":"Lansare publicatie &#8220;Priveste-ma asa cum sunt. Imagini si cuvinte ale femeilor rome&#8221;"},"content":{"rendered":"<p><a href=\"http:\/\/go2.wordpress.com\/?id=725X1342&#038;site=seemeasiam.wordpress.com&#038;url=http%3A%2F%2Fseemeasiam.files.wordpress.com%2F2010%2F05%2Fpriveste-ma-asa-cum-sunt.pdf&#038;sref=http%3A%2F%2Fseemeasiam.wordpress.com%2F\"><img decoding=\"async\" src=\"https:\/\/fia.pimienta.org\/weblog\/wp-content\/uploads\/ladyfest-ro\/2010\/05\/coperta-copy.jpg\" alt=\"\" title=\"coperta-carte-Priveste-ma-asa-cum-sunt\" width=\"200\" align=\"right\" style=\"MARGIN-LEFT: 5px\" \/><\/a><em>via carmen si h.arta<\/em><\/p>\n<p>Grupul h.arta \u00eempreun\u0103 cu Centrul C.A.R.E. \u015fi Centrul pentru Studii Rome v\u0103 invit\u0103 vineri, 4 iunie, orele 16:00, la Colegiul Na\u0163ional Bilingv George Co\u015fbuc din Bucure\u015fti (Strada Olari, nr. 29-31, sector 2), s\u0103 lua\u0163i parte la lansarea publicatiei<strong> \u201ePrive\u015fte-m\u0103 a\u015fa cum sunt. Cuvinte \u015fi imagini ale femeilor rome\u201d<\/strong>. Lansarea va fi \u00eenso\u0163it\u0103 de o serie de dezbateri organizate \u015fi sus\u0163inute de membrii\/ele Centrului C.A.R.E.<\/p>\n<p>Aceste evenimente se desf\u0103\u015foar\u0103 \u00een cadrul proiectului <em><strong>Prive\u015fte-m\u0103 a\u015fa cum sunt. Cuvinte \u015fi imagini ale femeilor rome<\/strong><\/em>, proiect care se adreseaz\u0103, \u00een aceea\u015fi m\u0103sur\u0103, celor marginaliza\u0163i\/ marginalizate, \u00een speran\u0163a c\u0103 ar putea servi ca un instrument care s\u0103 provoace o analiz\u0103 a situa\u0163iei lor \u00een perspectiva unei schimb\u0103ri, c\u00e2t \u015fi majoritarilor, ca un instrument care s\u0103-i determine s\u0103 con\u015ftientizeze \u015fi s\u0103-\u015fi recunoasc\u0103 propria situa\u0163ie privilegiat\u0103, indiferent c\u0103 e vorba de privilegiul de a fi \u201ealb\u201d, privilegiul masculin, de clas\u0103 social\u0103, etc. Publica\u0163ia <em><strong>Prive\u015fte-m\u0103 a\u015fa cum sunt. Cuvinte \u015fi imagini ale femeilor rome<\/strong><\/em> este conceput\u0103 \u00een cadrul proiectului mai sus men\u0163ionat \u015fi \u00ee\u015fi propune s\u0103 provoace dezbateri \u00een licee despre rasism, sexism, marginalizare \u015fi strategii de combatere ale acestora. <\/p>\n<p>Proiectul este finan\u0163at de c\u0103tre programul Democracy Small Grants al Ambasadei SUA \u00een Rom\u00e2nia.<\/p>\n<p>Pentru mai multe informa\u0163ii privind proiectul \u015fi publica\u0163ia realizat\u0103 v\u0103 invit\u0103m s\u0103 accesa\u0163i blogul <a href=\"http:\/\/www.seemeasiam.wordpress.com\">www.seemeasiam.wordpress.com<\/a>,<br \/> de unde publica\u0163ia se poate desc\u0103rca gratuit.<\/p>\n","protected":false},"excerpt":{"rendered":"<p>via carmen si h.arta Grupul h.arta \u00eempreun\u0103 cu Centrul C.A.R.E. \u015fi Centrul pentru Studii Rome v\u0103 invit\u0103 vineri, 4 iunie, orele 16:00, la Colegiul Na\u0163ional Bilingv George Co\u015fbuc din Bucure\u015fti (Strada Olari, nr. 29-31, sector 2), s\u0103 lua\u0163i parte la &hellip; <a href=\"https:\/\/fia.pimienta.org\/weblog\/?p=1450\">Continue reading <span class=\"meta-nav\">&rarr;<\/span><\/a><\/p>\n","protected":false},"author":1,"featured_media":0,"comment_status":"open","ping_status":"open","sticky":false,"template":"","format":"standard","meta":{"footnotes":""},"categories":[4,20,38,28,9,22,41,3,43,35,8,31,13,21,2,7,26],"tags":[],"class_list":["post-1450","post","type-post","status-publish","format-standard","hentry","category-anunturiannouncements","category-anti-racism","category-bodily-autonomy","category-body-image","category-critica-sociala","category-economic-justice","category-english","category-feminism","category-identity","category-intersectionalities","category-links","category-menmale-allies","category-publications","category-research","category-01romana","category-romania","category-sexuality"],"_links":{"self":[{"href":"https:\/\/fia.pimienta.org\/weblog\/index.php?rest_route=\/wp\/v2\/posts\/1450","targetHints":{"allow":["GET"]}}],"collection":[{"href":"https:\/\/fia.pimienta.org\/weblog\/index.php?rest_route=\/wp\/v2\/posts"}],"about":[{"href":"https:\/\/fia.pimienta.org\/weblog\/index.php?rest_route=\/wp\/v2\/types\/post"}],"author":[{"embeddable":true,"href":"https:\/\/fia.pimienta.org\/weblog\/index.php?rest_route=\/wp\/v2\/users\/1"}],"replies":[{"embeddable":true,"href":"https:\/\/fia.pimienta.org\/weblog\/index.php?rest_route=%2Fwp%2Fv2%2Fcomments&post=1450"}],"version-history":[{"count":22,"href":"https:\/\/fia.pimienta.org\/weblog\/index.php?rest_route=\/wp\/v2\/posts\/1450\/revisions"}],"predecessor-version":[{"id":1474,"href":"https:\/\/fia.pimienta.org\/weblog\/index.php?rest_route=\/wp\/v2\/posts\/1450\/revisions\/1474"}],"wp:attachment":[{"href":"https:\/\/fia.pimienta.org\/weblog\/index.php?rest_route=%2Fwp%2Fv2%2Fmedia&parent=1450"}],"wp:term":[{"taxonomy":"category","embeddable":true,"href":"https:\/\/fia.pimienta.org\/weblog\/index.php?rest_route=%2Fwp%2Fv2%2Fcategories&post=1450"},{"taxonomy":"post_tag","embeddable":true,"href":"https:\/\/fia.pimienta.org\/weblog\/index.php?rest_route=%2Fwp%2Fv2%2Ftags&post=1450"}],"curies":[{"name":"wp","href":"https:\/\/api.w.org\/{rel}","templated":true}]}}