{"id":1272,"date":"2010-03-11T12:48:32","date_gmt":"2010-03-11T10:48:32","guid":{"rendered":"https:\/\/fia.pimienta.org\/weblog\/?p=1272"},"modified":"2010-03-11T12:48:32","modified_gmt":"2010-03-11T10:48:32","slug":"idilaidyll-%e2%80%93-expozitie-de-arta-contemporana-romano-austriaca","status":"publish","type":"post","link":"https:\/\/fia.pimienta.org\/weblog\/?p=1272","title":{"rendered":"Idila\/Idyll \u2013  expozi\u0163ie de art\u0103 contemporan\u0103 rom\u00e2no-austriac\u0103"},"content":{"rendered":"<p><span style=\"font-size: small;\">Galeria Atelier 030202, Bucure\u015fti<\/span><\/p>\n<p><span style=\"font-size: small;\">Curatoare: Olivia Niti\u015f<\/span><\/p>\n<p><span style=\"font-size: small;\">Chloe Potter, Dare Devil Untitled 1, 2006<\/span><\/p>\n<p><span style=\"font-size: small;\">(courtesy of the artist)<\/span><\/p>\n<p><span style=\"font-size: small;\">Artiste din generatii diferite, din Rom\u00e2nia si din Austria, active pe scena artistic\u0103 interna\u0163ional\u0103 (Irina Botea, Delia Popa, Magda Pelmu\u015f, Simona Vil\u0103u, Cristina Garabe\u0163anu, Alexandra Bodea, Marilena Preda S\u00e2nc, Lena von Lapschina, Petra Sterry, Chloe Potter, Doris Mayer, Eva Ursprung \u00a0\u015fi\u00a0 Eva\u00a0 Schlegel) sunt invitate s\u0103 prezinte vizunea lor contemporan\u0103 asupra no\u0163iunii de Idil\u0103.\u00a0 \u00cen spa\u0163iul cultural European, Idila a reprezentat o form\u0103 de realitate ideal\u0103, senin\u0103 \u015fi protectoare, \u00een raport cu realitatea social\u0103 existent\u0103. In construirea atmosferei idilice femeile par s\u0103 fi avut un rol precump\u0103nitor. Proiectul Idila \u00ee\u015fi propune s\u0103 urm\u0103reasc\u0103 \u00een context socio-cultural, modalit\u0103\u0163ile \u00een care artistele din dou\u0103 spa\u0163ii culturale diferite (Rom\u00e2nia \u015fi Austria) se raporteaz\u0103 la conceptul de Idil\u0103, c\u00e2t este el de relevant sau de vetust \u00een contemporaneitate.<\/span><\/p>\n<p><span style=\"font-size: small;\"><br \/>\n<\/span><\/p>\n<p><span style=\"font-size: small;\">Program:<\/span><\/p>\n<p><span style=\"font-size: small;\">11 martie: vernisaj si conferinta de presa<\/span><\/p>\n<p><span style=\"font-size: small;\">8 aprilie: artist talk: Dorys Mayer la Bucuresti<\/span><\/p>\n<p><span style=\"font-size: small;\">Cand? <\/span><span style=\"font-size: small;\"><em>11Martie-11Aprilie 2010<\/em><\/span><\/p>\n","protected":false},"excerpt":{"rendered":"<p>Galeria Atelier 030202, Bucure\u015fti Curatoare: Olivia Niti\u015f Chloe Potter, Dare Devil Untitled 1, 2006 (courtesy of the artist) Artiste din generatii diferite, din Rom\u00e2nia si din Austria, active pe scena artistic\u0103 interna\u0163ional\u0103 (Irina Botea, Delia Popa, Magda Pelmu\u015f, Simona Vil\u0103u, &hellip; <a href=\"https:\/\/fia.pimienta.org\/weblog\/?p=1272\">Continue reading <span class=\"meta-nav\">&rarr;<\/span><\/a><\/p>\n","protected":false},"author":55,"featured_media":0,"comment_status":"open","ping_status":"open","sticky":false,"template":"","format":"standard","meta":{"footnotes":""},"categories":[4,68,3,2,7],"tags":[70,49,87,69],"class_list":["post-1272","post","type-post","status-publish","format-standard","hentry","category-anunturiannouncements","category-arts","category-feminism","category-01romana","category-romania","tag-dorys-mayer","tag-feminine","tag-feminism","tag-idilaidyll"],"_links":{"self":[{"href":"https:\/\/fia.pimienta.org\/weblog\/index.php?rest_route=\/wp\/v2\/posts\/1272","targetHints":{"allow":["GET"]}}],"collection":[{"href":"https:\/\/fia.pimienta.org\/weblog\/index.php?rest_route=\/wp\/v2\/posts"}],"about":[{"href":"https:\/\/fia.pimienta.org\/weblog\/index.php?rest_route=\/wp\/v2\/types\/post"}],"author":[{"embeddable":true,"href":"https:\/\/fia.pimienta.org\/weblog\/index.php?rest_route=\/wp\/v2\/users\/55"}],"replies":[{"embeddable":true,"href":"https:\/\/fia.pimienta.org\/weblog\/index.php?rest_route=%2Fwp%2Fv2%2Fcomments&post=1272"}],"version-history":[{"count":1,"href":"https:\/\/fia.pimienta.org\/weblog\/index.php?rest_route=\/wp\/v2\/posts\/1272\/revisions"}],"predecessor-version":[{"id":1273,"href":"https:\/\/fia.pimienta.org\/weblog\/index.php?rest_route=\/wp\/v2\/posts\/1272\/revisions\/1273"}],"wp:attachment":[{"href":"https:\/\/fia.pimienta.org\/weblog\/index.php?rest_route=%2Fwp%2Fv2%2Fmedia&parent=1272"}],"wp:term":[{"taxonomy":"category","embeddable":true,"href":"https:\/\/fia.pimienta.org\/weblog\/index.php?rest_route=%2Fwp%2Fv2%2Fcategories&post=1272"},{"taxonomy":"post_tag","embeddable":true,"href":"https:\/\/fia.pimienta.org\/weblog\/index.php?rest_route=%2Fwp%2Fv2%2Ftags&post=1272"}],"curies":[{"name":"wp","href":"https:\/\/api.w.org\/{rel}","templated":true}]}}