{"id":1233,"date":"2010-02-17T21:46:40","date_gmt":"2010-02-17T19:46:40","guid":{"rendered":"https:\/\/fia.pimienta.org\/weblog\/?p=1233"},"modified":"2012-08-22T11:36:29","modified_gmt":"2012-08-22T09:36:29","slug":"din-istorie-ii","status":"publish","type":"post","link":"https:\/\/fia.pimienta.org\/weblog\/?p=1233","title":{"rendered":"din istorie II"},"content":{"rendered":"<p><strong>Maria Plop<\/strong><\/p>\n<p style=\"text-align: left;\">Un alt documentar <em>Partizanii libertatii<\/em> (2009), produs de Televiziunea Rom\u00e2n\u0103 in colaborare cu Institutul de  Investigare a Crimelor Comunismului in Rom\u00e2nia (IICCR), reconstituie viata, lupta si moartea ultimilor partizani din Grupul de rezistenta de la Nuc\u015foara. Maria Plop a murit in ianuarie 1962, dupa ce fiica de doi ani i-a fost luata din inchisoarea de la Miercurea Ciuc si trimisa intr-un orfelinat.<br \/>\nFiica nascuta \u00een mun\u0163i a Mariei Plop \u015fi a lui Toma Arn\u0103u\u0163oiu, arestata odata cu mama ei,\u00a0 va\u00a0 impartasi de la varsta de doi ani conditia de detinut politic.<\/p>\n<p style=\"text-align: left;\">Despre Maria Plop nu am gasit prea multe referinte&#8230;o femeie simpla, venita de pe langa Prut si care va ajunge la Nucsoara unde va lucra pentru doua familii,\u00a0 una fiind Arnautoiu. Ea se va alatura fiilor familiei atunci cand acestia se vor retrage in munti si va ramane acolo pana la arestarea grupului . Pe pagina <a href=\"http:\/\/www.tomaarnautoiu.ro\/\">http:\/\/www.tomaarnautoiu.ro<\/a> am descoperit o mica arhiva de fotografii in care apar o Marie surazatoare si adolescentina, inainte de arestare si o alta, cu o Marie deja maturizata .<\/p>\n<p style=\"text-align: left;\">\n","protected":false},"excerpt":{"rendered":"<p>Maria Plop Un alt documentar Partizanii libertatii (2009), produs de Televiziunea Rom\u00e2n\u0103 in colaborare cu Institutul de Investigare a Crimelor Comunismului in Rom\u00e2nia (IICCR), reconstituie viata, lupta si moartea ultimilor partizani din Grupul de rezistenta de la Nuc\u015foara. Maria Plop &hellip; <a href=\"https:\/\/fia.pimienta.org\/weblog\/?p=1233\">Continue reading <span class=\"meta-nav\">&rarr;<\/span><\/a><\/p>\n","protected":false},"author":55,"featured_media":0,"comment_status":"open","ping_status":"open","sticky":false,"template":"","format":"standard","meta":{"footnotes":""},"categories":[83,2,7],"tags":[63,62,64,65],"class_list":["post-1233","post","type-post","status-publish","format-standard","hentry","category-din-istorie","category-01romana","category-romania","tag-arnautoiu","tag-maria-plop","tag-nucusoara","tag-rezistenta-anticomunista"],"_links":{"self":[{"href":"https:\/\/fia.pimienta.org\/weblog\/index.php?rest_route=\/wp\/v2\/posts\/1233","targetHints":{"allow":["GET"]}}],"collection":[{"href":"https:\/\/fia.pimienta.org\/weblog\/index.php?rest_route=\/wp\/v2\/posts"}],"about":[{"href":"https:\/\/fia.pimienta.org\/weblog\/index.php?rest_route=\/wp\/v2\/types\/post"}],"author":[{"embeddable":true,"href":"https:\/\/fia.pimienta.org\/weblog\/index.php?rest_route=\/wp\/v2\/users\/55"}],"replies":[{"embeddable":true,"href":"https:\/\/fia.pimienta.org\/weblog\/index.php?rest_route=%2Fwp%2Fv2%2Fcomments&post=1233"}],"version-history":[{"count":3,"href":"https:\/\/fia.pimienta.org\/weblog\/index.php?rest_route=\/wp\/v2\/posts\/1233\/revisions"}],"predecessor-version":[{"id":2322,"href":"https:\/\/fia.pimienta.org\/weblog\/index.php?rest_route=\/wp\/v2\/posts\/1233\/revisions\/2322"}],"wp:attachment":[{"href":"https:\/\/fia.pimienta.org\/weblog\/index.php?rest_route=%2Fwp%2Fv2%2Fmedia&parent=1233"}],"wp:term":[{"taxonomy":"category","embeddable":true,"href":"https:\/\/fia.pimienta.org\/weblog\/index.php?rest_route=%2Fwp%2Fv2%2Fcategories&post=1233"},{"taxonomy":"post_tag","embeddable":true,"href":"https:\/\/fia.pimienta.org\/weblog\/index.php?rest_route=%2Fwp%2Fv2%2Ftags&post=1233"}],"curies":[{"name":"wp","href":"https:\/\/api.w.org\/{rel}","templated":true}]}}