{"id":1228,"date":"2010-02-14T22:04:57","date_gmt":"2010-02-14T20:04:57","guid":{"rendered":"https:\/\/fia.pimienta.org\/weblog\/?p=1228"},"modified":"2012-08-22T11:36:16","modified_gmt":"2012-08-22T09:36:16","slug":"din-istorie-i","status":"publish","type":"post","link":"https:\/\/fia.pimienta.org\/weblog\/?p=1228","title":{"rendered":"din istorie I"},"content":{"rendered":"<p>Argument:\u00a0 Acest dosar despre activismul feminin din Romania de dinainte de 1989 este creat din nevoia [ personala] de a gasi repere,de a nu mai ceda cu atata usurinta atunci cand lucrurile se misca incet sau cand\u00a0 sunt sufocate de absurdul cotidian.<\/p>\n<p><em><strong>Elisabeta Rizea &#8211; grupul de rezistenta de la Nucusoara<br \/>\n<\/strong><\/em><\/p>\n<p><strong>I.B.:<\/strong> <em>Ce imagine \u00ee\u0163i vine acum \u00een minte cu Elisabeta Rizea?<\/em><\/p>\n<p><strong>C.P.:<\/strong> Momentul \u00een care so\u0163ul ei pl\u00e2nge, la marginea unei p\u0103duri, dup\u0103 ce \u015fi-a ascuns hainele pline de s\u00e2nge, ca ea s\u0103 nu vad\u0103 c\u00e2t de r\u0103u \u00eel b\u0103teau la postul de mili\u0163ie. Pl\u00e2nge pentru c\u0103 nu mai poate, iar ea \u00eel consoleaz\u0103, dar \u00eencearc\u0103 printre lacrimi s\u0103-i explice c\u0103 trebuie s\u0103 se duc\u0103 \u00eenapoi la mili\u0163ie. (Gheorghe Rizea era b\u0103tut \u00een fiecare zi, la or\u0103 fix\u0103, cer\u00e2ndu-i-se de c\u0103tre mili\u0163ienii din sat s\u0103 furnizeze informa\u0163ii despre grupul Arn\u0103u\u0163oiu.) Elisabeta \u00eei d\u0103 ni\u015fte \u0163uic\u0103 s\u0103 bea, adus\u0103 de fiica lor, pentru a-i face curaj, \u00eemb\u0103rb\u0103t\u00e2ndu-l, dar explic\u00e2ndu-i ferm c\u0103 trebuie s\u0103 se duc\u0103 s\u0103 m\u0103n\u00e2nce b\u0103taie. Ea \u015fi fata vor fi arestate dac\u0103 el fuge \u00een mun\u0163i, \u015fi n-o s\u0103 mai aib\u0103 cine s\u0103 le duc\u0103 haine \u015fi m\u00e2ncare celor din grupul Arn\u0103u\u0163oiu, &#8220;b\u0103ie\u0163ilor&#8221;, cum le spunea ea. Am\u00e2ndoi isp\u0103\u015fiser\u0103 deja, c\u00e2nd se \u00eent\u00e2mpla acest moment, c\u00e2te \u015fase ani de \u00eenchisoare. Mi se pare impresionant. [ sursa interviul cu C-tin Popescu, Liternet]<\/p>\n<p><strong> <\/strong><\/p>\n<p><a class=\"alignleft\" href=\"http:\/\/www.elisabetarizea.ro\/\" target=\"_blank\">http:\/\/www.elisabetarizea.ro\/<\/a><\/p>\n<p><a class=\"alignleft\" href=\"http:\/\/en.wikipedia.org\/wiki\/Elisabeta_Rizea\" target=\"_blank\">http:\/\/en.wikipedia.org\/wiki\/Elisabeta_Rizea<\/a> ( pagina este mai completa decat cea in limba romana)<\/p>\n<p><em>Portretul luptatorului la tinerete<\/em> este un film-documentar (regizor Constatin Popescu) care are ca subiect rezistenta anticomunista din munti. Este primul film dintr-o trilogie despre miscarea din Fagaras condusa de Ion Gavrila, miscarea Haiducii Muscelului condusa de fratii Arnautoiu si despre Elisabeta Rizea.<\/p>\n<p><a class=\"alignleft\" href=\"http:\/\/agenda.liternet.ro\/articol\/7433\/Iulia-Blaga-Constantin-Popescu\/Viata-cotidiana-a-luptatorilor-rezistentei-din-munti-Portretul-luptatorului-la-tinerete.html\" target=\"_blank\">http:\/\/agenda.liternet.ro\/articol\/7433\/Iulia-Blaga-Constantin-Popescu\/Viata-cotidiana-a-luptatorilor-rezistentei-din-munti-Portretul-luptatorului-la-tinerete.html<\/a><\/p>\n<p><strong>Nota:<\/strong> Comentariul lui Brechtorama despre acuzatiile de antisemitism ce planeaza asupra filmului, face necesara urmatoarea precizare.<\/p>\n<p>Eu nu am vazut filmul, ceea ce pe mine personal ma pune in imposibilitatea de a comenta natura lui antisemita si filo-legionara. De asemenea sunt convinsa ca nici cei de la E Wiesel nu l au vazut.<\/p>\n<p>\u201eAu fost voci gr\u0103bite care au afirmat r\u0103stit c\u0103 mi\u015fcarea de rezisten\u0163\u0103 anticomunist\u0103 a fost opera legionarilor. E o minciun\u0103. \u00cen acela\u015fi timp, printre partizani au fost \u015fi legionari. Trebuie luat caz cu caz. E o prostie enorm\u0103 s\u0103 acreditezi ideea c\u0103 a fost o mi\u015fcare a legionarilor de fapt, iar \u00een mediile germane, \u00een special, s-au f\u0103cut c\u00e2teva extrapol\u0103ri ne avenite. Trebuie, pur \u015fi simplu, acceptat acest episod din trecutul lui Ogoranu, ca \u015fi faptul c\u0103 a fost un lupt\u0103tor adev\u0103rat. Trebuie discutat concret, dac\u0103 e cazul, ce anu me a f\u0103cut el ca legionar. Sunt dou\u0103 lucruri distincte\u201d, spune istoricul Armand Go\u015fu.<\/p>\n","protected":false},"excerpt":{"rendered":"<p>Argument:\u00a0 Acest dosar despre activismul feminin din Romania de dinainte de 1989 este creat din nevoia [ personala] de a gasi repere,de a nu mai ceda cu atata usurinta atunci cand lucrurile se misca incet sau cand\u00a0 sunt sufocate de &hellip; <a href=\"https:\/\/fia.pimienta.org\/weblog\/?p=1228\">Continue reading <span class=\"meta-nav\">&rarr;<\/span><\/a><\/p>\n","protected":false},"author":55,"featured_media":0,"comment_status":"open","ping_status":"open","sticky":false,"template":"","format":"standard","meta":{"footnotes":""},"categories":[83,2,7],"tags":[61],"class_list":["post-1228","post","type-post","status-publish","format-standard","hentry","category-din-istorie","category-01romana","category-romania","tag-elisabeta-rizea-anticomunism-rezistenta-nucusoara"],"_links":{"self":[{"href":"https:\/\/fia.pimienta.org\/weblog\/index.php?rest_route=\/wp\/v2\/posts\/1228","targetHints":{"allow":["GET"]}}],"collection":[{"href":"https:\/\/fia.pimienta.org\/weblog\/index.php?rest_route=\/wp\/v2\/posts"}],"about":[{"href":"https:\/\/fia.pimienta.org\/weblog\/index.php?rest_route=\/wp\/v2\/types\/post"}],"author":[{"embeddable":true,"href":"https:\/\/fia.pimienta.org\/weblog\/index.php?rest_route=\/wp\/v2\/users\/55"}],"replies":[{"embeddable":true,"href":"https:\/\/fia.pimienta.org\/weblog\/index.php?rest_route=%2Fwp%2Fv2%2Fcomments&post=1228"}],"version-history":[{"count":8,"href":"https:\/\/fia.pimienta.org\/weblog\/index.php?rest_route=\/wp\/v2\/posts\/1228\/revisions"}],"predecessor-version":[{"id":2321,"href":"https:\/\/fia.pimienta.org\/weblog\/index.php?rest_route=\/wp\/v2\/posts\/1228\/revisions\/2321"}],"wp:attachment":[{"href":"https:\/\/fia.pimienta.org\/weblog\/index.php?rest_route=%2Fwp%2Fv2%2Fmedia&parent=1228"}],"wp:term":[{"taxonomy":"category","embeddable":true,"href":"https:\/\/fia.pimienta.org\/weblog\/index.php?rest_route=%2Fwp%2Fv2%2Fcategories&post=1228"},{"taxonomy":"post_tag","embeddable":true,"href":"https:\/\/fia.pimienta.org\/weblog\/index.php?rest_route=%2Fwp%2Fv2%2Ftags&post=1228"}],"curies":[{"name":"wp","href":"https:\/\/api.w.org\/{rel}","templated":true}]}}